{"id":1805,"date":"2021-01-25T18:32:04","date_gmt":"2021-01-25T18:32:04","guid":{"rendered":"https:\/\/madre.com.pt\/add-title\/"},"modified":"2021-01-25T18:32:04","modified_gmt":"2021-01-25T18:32:04","slug":"add-title","status":"publish","type":"post","link":"https:\/\/madre.com.pt\/en\/add-title\/","title":{"rendered":"Add Title"},"content":{"rendered":"<div class=\"wpb-content-wrapper\"><p>[vc_row el_class=&#8221;post-seccao&#8221;][vc_column][vc_single_image image=&#8221;638&#8243; img_size=&#8221;full&#8221; el_class=&#8221;post-image&#8221;][vc_column_text el_class=&#8221;post-text&#8221;]<\/p>\n<p class=\"p1\"><span class=\"s1\">O lince ib\u00e9rico, o cavalo-marinho e a sardinha \u2013 entre as esp\u00e9cies <\/span>animais em extin\u00e7\u00e3o em Portugal ou, pelo menos, com captura controlada \u2013 v\u00e3o figurar numa s\u00e9rie de vinhos da Quinta de S\u00e3o Sebasti\u00e3o, QSS Rare. A iniciativa lan\u00e7a um alerta para a necessidade de prote\u00e7\u00e3o destas esp\u00e9cies. O lince ib\u00e9rico vai aparecer nas garrafas de tinto, o cavalo-marinho nas de ros\u00e9 e a sardinha nas de branco. Estes s\u00e3o apenas exemplos entre tr\u00eas a quatro centenas que se encontram em vias de extin\u00e7\u00e3o em Portugal, na sua maioria insetos e peixes, e grande parte desconhecidas do p\u00fablico.<\/p>\n<p class=\"p1\">Existe na Ria Formosa, no Algarve, a maior col\u00f3nia da Europa <span class=\"s1\">e uma das maiores do mundo do cavalo-marinho. A ria tornou-se <\/span>um aut\u00eantico laborat\u00f3rio vivo, seguido por bi\u00f3logos nacionais e internacionais. Esta esp\u00e9cie \u00e9 agora protegida pela Conven\u00e7\u00e3o CITES, prevenindo o que sucedeu na \u00c1sia, onde a captura desregrada levou \u00e0 extin\u00e7\u00e3o.<\/p>\n<p class=\"p1\"><span class=\"s2\">Indo al\u00e9m do objetivo de consciencializa\u00e7\u00e3o social e da componente<\/span> est\u00e9tica dos r\u00f3tulos, a Multiwines prop\u00f5e-se atribuir uma parte do valor da aquisi\u00e7\u00e3o a uma associa\u00e7\u00e3o que se dedique \u00e0 defesa da vida animal, ainda a designar. A refer\u00eancia ser\u00e1 inclu\u00edda em men\u00e7\u00e3o no r\u00f3tulo, de forma a informar o consumidor.<br \/>\nO objetivo passa por, a cada dois ou tr\u00eas anos, as esp\u00e9cies irem mudando, nos lan\u00e7amentos do Rare, contribuindo para dar visibilidade a esta causa. Atuando num mundo competitivo, a empresa investe nos seus r\u00f3tulos como fator de atratividade e diferencia\u00e7\u00e3o, tanto na vertente est\u00e9tica, como dos conceitos\u00a0 que transmitem ao consumidor.<\/p>\n<p class=\"p1\">Esta s\u00e9rie de vinhos, ainda n\u00e3o comercializada, destina-se ao mercado internacional.<\/p>\n<p>[\/vc_column_text][\/vc_column][\/vc_row]<\/p>\n<\/div>","protected":false},"excerpt":{"rendered":"<p>[vc_row el_class=&#8221;post-seccao&#8221;][vc_column][vc_single_image image=&#8221;638&#8243; img_size=&#8221;full&#8221; el_class=&#8221;post-image&#8221;][vc_column_text el_class=&#8221;post-text&#8221;] O lince ib\u00e9rico, o cavalo-marinho e a sardinha \u2013 entre as esp\u00e9cies animais em extin\u00e7\u00e3o em Portugal ou, pelo menos, com captura controlada \u2013 v\u00e3o figurar numa s\u00e9rie de vinhos da Quinta de S\u00e3o Sebasti\u00e3o, QSS Rare. A iniciativa lan\u00e7a um alerta para a necessidade de prote\u00e7\u00e3o destas esp\u00e9cies. [&hellip;]<\/p>\n","protected":false},"author":4,"featured_media":1586,"comment_status":"open","ping_status":"open","sticky":false,"template":"","format":"standard","meta":{"inline_featured_image":false,"footnotes":""},"categories":[4],"tags":[],"class_list":["post-1805","post","type-post","status-publish","format-standard","hentry","category-uncategorized"],"yoast_head":"<!-- This site is optimized with the Yoast SEO plugin v27.3 - https:\/\/yoast.com\/product\/yoast-seo-wordpress\/ -->\n<title>Add Title - Grupo Madre<\/title>\n<meta name=\"robots\" content=\"index, follow, max-snippet:-1, max-image-preview:large, max-video-preview:-1\" \/>\n<link rel=\"canonical\" href=\"https:\/\/madre.com.pt\/en\/add-title\/\" \/>\n<meta property=\"og:locale\" content=\"en_US\" \/>\n<meta property=\"og:type\" content=\"article\" \/>\n<meta property=\"og:title\" content=\"Add Title - Grupo Madre\" \/>\n<meta property=\"og:description\" content=\"[vc_row el_class=&#8221;post-seccao&#8221;][vc_column][vc_single_image image=&#8221;638&#8243; img_size=&#8221;full&#8221; el_class=&#8221;post-image&#8221;][vc_column_text el_class=&#8221;post-text&#8221;] O lince ib\u00e9rico, o cavalo-marinho e a sardinha \u2013 entre as esp\u00e9cies animais em extin\u00e7\u00e3o em Portugal ou, pelo menos, com captura controlada \u2013 v\u00e3o figurar numa s\u00e9rie de vinhos da Quinta de S\u00e3o Sebasti\u00e3o, QSS Rare. A iniciativa lan\u00e7a um alerta para a necessidade de prote\u00e7\u00e3o destas esp\u00e9cies. [&hellip;]\" \/>\n<meta property=\"og:url\" content=\"https:\/\/madre.com.pt\/en\/add-title\/\" \/>\n<meta property=\"og:site_name\" content=\"Grupo Madre\" \/>\n<meta property=\"article:published_time\" content=\"2021-01-25T18:32:04+00:00\" \/>\n<meta property=\"og:image\" content=\"https:\/\/madre.com.pt\/wp-content\/uploads\/2021\/01\/madre-turismo-scaled.jpg\" \/>\n\t<meta property=\"og:image:width\" content=\"2560\" \/>\n\t<meta property=\"og:image:height\" content=\"1129\" \/>\n\t<meta property=\"og:image:type\" content=\"image\/jpeg\" \/>\n<meta name=\"author\" content=\"madre\" \/>\n<meta name=\"twitter:card\" content=\"summary_large_image\" \/>\n<meta name=\"twitter:label1\" content=\"Written by\" \/>\n\t<meta name=\"twitter:data1\" content=\"madre\" \/>\n\t<meta name=\"twitter:label2\" content=\"Est. reading time\" \/>\n\t<meta name=\"twitter:data2\" content=\"2 minutes\" \/>\n<script type=\"application\/ld+json\" class=\"yoast-schema-graph\">{\"@context\":\"https:\\\/\\\/schema.org\",\"@graph\":[{\"@type\":\"Article\",\"@id\":\"https:\\\/\\\/madre.com.pt\\\/en\\\/add-title\\\/#article\",\"isPartOf\":{\"@id\":\"https:\\\/\\\/madre.com.pt\\\/en\\\/add-title\\\/\"},\"author\":{\"name\":\"madre\",\"@id\":\"\\\/#\\\/schema\\\/person\\\/8a768436e5f1cdf040b9a41c1d182510\"},\"headline\":\"Add Title\",\"datePublished\":\"2021-01-25T18:32:04+00:00\",\"mainEntityOfPage\":{\"@id\":\"https:\\\/\\\/madre.com.pt\\\/en\\\/add-title\\\/\"},\"wordCount\":334,\"commentCount\":0,\"publisher\":{\"@id\":\"\\\/#organization\"},\"image\":{\"@id\":\"https:\\\/\\\/madre.com.pt\\\/en\\\/add-title\\\/#primaryimage\"},\"thumbnailUrl\":\"https:\\\/\\\/madre.com.pt\\\/wp-content\\\/uploads\\\/2021\\\/01\\\/madre-turismo-scaled.jpg\",\"inLanguage\":\"en-US\",\"potentialAction\":[{\"@type\":\"CommentAction\",\"name\":\"Comment\",\"target\":[\"https:\\\/\\\/madre.com.pt\\\/en\\\/add-title\\\/#respond\"]}]},{\"@type\":\"WebPage\",\"@id\":\"https:\\\/\\\/madre.com.pt\\\/en\\\/add-title\\\/\",\"url\":\"https:\\\/\\\/madre.com.pt\\\/en\\\/add-title\\\/\",\"name\":\"Add Title - Grupo Madre\",\"isPartOf\":{\"@id\":\"\\\/#website\"},\"primaryImageOfPage\":{\"@id\":\"https:\\\/\\\/madre.com.pt\\\/en\\\/add-title\\\/#primaryimage\"},\"image\":{\"@id\":\"https:\\\/\\\/madre.com.pt\\\/en\\\/add-title\\\/#primaryimage\"},\"thumbnailUrl\":\"https:\\\/\\\/madre.com.pt\\\/wp-content\\\/uploads\\\/2021\\\/01\\\/madre-turismo-scaled.jpg\",\"datePublished\":\"2021-01-25T18:32:04+00:00\",\"breadcrumb\":{\"@id\":\"https:\\\/\\\/madre.com.pt\\\/en\\\/add-title\\\/#breadcrumb\"},\"inLanguage\":\"en-US\",\"potentialAction\":[{\"@type\":\"ReadAction\",\"target\":[\"https:\\\/\\\/madre.com.pt\\\/en\\\/add-title\\\/\"]}]},{\"@type\":\"ImageObject\",\"inLanguage\":\"en-US\",\"@id\":\"https:\\\/\\\/madre.com.pt\\\/en\\\/add-title\\\/#primaryimage\",\"url\":\"https:\\\/\\\/madre.com.pt\\\/wp-content\\\/uploads\\\/2021\\\/01\\\/madre-turismo-scaled.jpg\",\"contentUrl\":\"https:\\\/\\\/madre.com.pt\\\/wp-content\\\/uploads\\\/2021\\\/01\\\/madre-turismo-scaled.jpg\",\"width\":2560,\"height\":1129},{\"@type\":\"BreadcrumbList\",\"@id\":\"https:\\\/\\\/madre.com.pt\\\/en\\\/add-title\\\/#breadcrumb\",\"itemListElement\":[{\"@type\":\"ListItem\",\"position\":1,\"name\":\"In\u00edcio\",\"item\":\"https:\\\/\\\/madre.com.pt\\\/en\\\/\"},{\"@type\":\"ListItem\",\"position\":2,\"name\":\"Add Title\"}]},{\"@type\":\"WebSite\",\"@id\":\"\\\/#website\",\"url\":\"\\\/\",\"name\":\"Grupo Madre\",\"description\":\"Uma Vis&atilde;o Concertada do Futuro\",\"publisher\":{\"@id\":\"\\\/#organization\"},\"potentialAction\":[{\"@type\":\"SearchAction\",\"target\":{\"@type\":\"EntryPoint\",\"urlTemplate\":\"\\\/?s={search_term_string}\"},\"query-input\":{\"@type\":\"PropertyValueSpecification\",\"valueRequired\":true,\"valueName\":\"search_term_string\"}}],\"inLanguage\":\"en-US\"},{\"@type\":\"Organization\",\"@id\":\"\\\/#organization\",\"name\":\"Grupo Madre\",\"url\":\"\\\/\",\"logo\":{\"@type\":\"ImageObject\",\"inLanguage\":\"en-US\",\"@id\":\"\\\/#\\\/schema\\\/logo\\\/image\\\/\",\"url\":\"https:\\\/\\\/madre.com.pt\\\/wp-content\\\/uploads\\\/2020\\\/12\\\/cropped-Grupo_Madre_RGB-1.png\",\"contentUrl\":\"https:\\\/\\\/madre.com.pt\\\/wp-content\\\/uploads\\\/2020\\\/12\\\/cropped-Grupo_Madre_RGB-1.png\",\"width\":512,\"height\":512,\"caption\":\"Grupo Madre\"},\"image\":{\"@id\":\"\\\/#\\\/schema\\\/logo\\\/image\\\/\"}},{\"@type\":\"Person\",\"@id\":\"\\\/#\\\/schema\\\/person\\\/8a768436e5f1cdf040b9a41c1d182510\",\"name\":\"madre\",\"image\":{\"@type\":\"ImageObject\",\"inLanguage\":\"en-US\",\"@id\":\"https:\\\/\\\/secure.gravatar.com\\\/avatar\\\/e9ea1ea599d9bd82ee82be59d87cebc24ef83c856ffc3785f3029f0e1756a225?s=96&d=mm&r=g\",\"url\":\"https:\\\/\\\/secure.gravatar.com\\\/avatar\\\/e9ea1ea599d9bd82ee82be59d87cebc24ef83c856ffc3785f3029f0e1756a225?s=96&d=mm&r=g\",\"contentUrl\":\"https:\\\/\\\/secure.gravatar.com\\\/avatar\\\/e9ea1ea599d9bd82ee82be59d87cebc24ef83c856ffc3785f3029f0e1756a225?s=96&d=mm&r=g\",\"caption\":\"madre\"},\"url\":\"https:\\\/\\\/madre.com.pt\\\/en\\\/author\\\/madre\\\/\"}]}<\/script>\n<!-- \/ Yoast SEO plugin. -->","yoast_head_json":{"title":"Add Title - Grupo Madre","robots":{"index":"index","follow":"follow","max-snippet":"max-snippet:-1","max-image-preview":"max-image-preview:large","max-video-preview":"max-video-preview:-1"},"canonical":"https:\/\/madre.com.pt\/en\/add-title\/","og_locale":"en_US","og_type":"article","og_title":"Add Title - Grupo Madre","og_description":"[vc_row el_class=&#8221;post-seccao&#8221;][vc_column][vc_single_image image=&#8221;638&#8243; img_size=&#8221;full&#8221; el_class=&#8221;post-image&#8221;][vc_column_text el_class=&#8221;post-text&#8221;] O lince ib\u00e9rico, o cavalo-marinho e a sardinha \u2013 entre as esp\u00e9cies animais em extin\u00e7\u00e3o em Portugal ou, pelo menos, com captura controlada \u2013 v\u00e3o figurar numa s\u00e9rie de vinhos da Quinta de S\u00e3o Sebasti\u00e3o, QSS Rare. A iniciativa lan\u00e7a um alerta para a necessidade de prote\u00e7\u00e3o destas esp\u00e9cies. [&hellip;]","og_url":"https:\/\/madre.com.pt\/en\/add-title\/","og_site_name":"Grupo Madre","article_published_time":"2021-01-25T18:32:04+00:00","og_image":[{"width":2560,"height":1129,"url":"https:\/\/madre.com.pt\/wp-content\/uploads\/2021\/01\/madre-turismo-scaled.jpg","type":"image\/jpeg"}],"author":"madre","twitter_card":"summary_large_image","twitter_misc":{"Written by":"madre","Est. reading time":"2 minutes"},"schema":{"@context":"https:\/\/schema.org","@graph":[{"@type":"Article","@id":"https:\/\/madre.com.pt\/en\/add-title\/#article","isPartOf":{"@id":"https:\/\/madre.com.pt\/en\/add-title\/"},"author":{"name":"madre","@id":"\/#\/schema\/person\/8a768436e5f1cdf040b9a41c1d182510"},"headline":"Add Title","datePublished":"2021-01-25T18:32:04+00:00","mainEntityOfPage":{"@id":"https:\/\/madre.com.pt\/en\/add-title\/"},"wordCount":334,"commentCount":0,"publisher":{"@id":"\/#organization"},"image":{"@id":"https:\/\/madre.com.pt\/en\/add-title\/#primaryimage"},"thumbnailUrl":"https:\/\/madre.com.pt\/wp-content\/uploads\/2021\/01\/madre-turismo-scaled.jpg","inLanguage":"en-US","potentialAction":[{"@type":"CommentAction","name":"Comment","target":["https:\/\/madre.com.pt\/en\/add-title\/#respond"]}]},{"@type":"WebPage","@id":"https:\/\/madre.com.pt\/en\/add-title\/","url":"https:\/\/madre.com.pt\/en\/add-title\/","name":"Add Title - Grupo Madre","isPartOf":{"@id":"\/#website"},"primaryImageOfPage":{"@id":"https:\/\/madre.com.pt\/en\/add-title\/#primaryimage"},"image":{"@id":"https:\/\/madre.com.pt\/en\/add-title\/#primaryimage"},"thumbnailUrl":"https:\/\/madre.com.pt\/wp-content\/uploads\/2021\/01\/madre-turismo-scaled.jpg","datePublished":"2021-01-25T18:32:04+00:00","breadcrumb":{"@id":"https:\/\/madre.com.pt\/en\/add-title\/#breadcrumb"},"inLanguage":"en-US","potentialAction":[{"@type":"ReadAction","target":["https:\/\/madre.com.pt\/en\/add-title\/"]}]},{"@type":"ImageObject","inLanguage":"en-US","@id":"https:\/\/madre.com.pt\/en\/add-title\/#primaryimage","url":"https:\/\/madre.com.pt\/wp-content\/uploads\/2021\/01\/madre-turismo-scaled.jpg","contentUrl":"https:\/\/madre.com.pt\/wp-content\/uploads\/2021\/01\/madre-turismo-scaled.jpg","width":2560,"height":1129},{"@type":"BreadcrumbList","@id":"https:\/\/madre.com.pt\/en\/add-title\/#breadcrumb","itemListElement":[{"@type":"ListItem","position":1,"name":"In\u00edcio","item":"https:\/\/madre.com.pt\/en\/"},{"@type":"ListItem","position":2,"name":"Add Title"}]},{"@type":"WebSite","@id":"\/#website","url":"\/","name":"Grupo Madre","description":"Uma Vis&atilde;o Concertada do Futuro","publisher":{"@id":"\/#organization"},"potentialAction":[{"@type":"SearchAction","target":{"@type":"EntryPoint","urlTemplate":"\/?s={search_term_string}"},"query-input":{"@type":"PropertyValueSpecification","valueRequired":true,"valueName":"search_term_string"}}],"inLanguage":"en-US"},{"@type":"Organization","@id":"\/#organization","name":"Grupo Madre","url":"\/","logo":{"@type":"ImageObject","inLanguage":"en-US","@id":"\/#\/schema\/logo\/image\/","url":"https:\/\/madre.com.pt\/wp-content\/uploads\/2020\/12\/cropped-Grupo_Madre_RGB-1.png","contentUrl":"https:\/\/madre.com.pt\/wp-content\/uploads\/2020\/12\/cropped-Grupo_Madre_RGB-1.png","width":512,"height":512,"caption":"Grupo Madre"},"image":{"@id":"\/#\/schema\/logo\/image\/"}},{"@type":"Person","@id":"\/#\/schema\/person\/8a768436e5f1cdf040b9a41c1d182510","name":"madre","image":{"@type":"ImageObject","inLanguage":"en-US","@id":"https:\/\/secure.gravatar.com\/avatar\/e9ea1ea599d9bd82ee82be59d87cebc24ef83c856ffc3785f3029f0e1756a225?s=96&d=mm&r=g","url":"https:\/\/secure.gravatar.com\/avatar\/e9ea1ea599d9bd82ee82be59d87cebc24ef83c856ffc3785f3029f0e1756a225?s=96&d=mm&r=g","contentUrl":"https:\/\/secure.gravatar.com\/avatar\/e9ea1ea599d9bd82ee82be59d87cebc24ef83c856ffc3785f3029f0e1756a225?s=96&d=mm&r=g","caption":"madre"},"url":"https:\/\/madre.com.pt\/en\/author\/madre\/"}]}},"_links":{"self":[{"href":"https:\/\/madre.com.pt\/en\/wp-json\/wp\/v2\/posts\/1805","targetHints":{"allow":["GET"]}}],"collection":[{"href":"https:\/\/madre.com.pt\/en\/wp-json\/wp\/v2\/posts"}],"about":[{"href":"https:\/\/madre.com.pt\/en\/wp-json\/wp\/v2\/types\/post"}],"author":[{"embeddable":true,"href":"https:\/\/madre.com.pt\/en\/wp-json\/wp\/v2\/users\/4"}],"replies":[{"embeddable":true,"href":"https:\/\/madre.com.pt\/en\/wp-json\/wp\/v2\/comments?post=1805"}],"version-history":[{"count":1,"href":"https:\/\/madre.com.pt\/en\/wp-json\/wp\/v2\/posts\/1805\/revisions"}],"predecessor-version":[{"id":1806,"href":"https:\/\/madre.com.pt\/en\/wp-json\/wp\/v2\/posts\/1805\/revisions\/1806"}],"wp:featuredmedia":[{"embeddable":true,"href":"https:\/\/madre.com.pt\/en\/wp-json\/wp\/v2\/media\/1586"}],"wp:attachment":[{"href":"https:\/\/madre.com.pt\/en\/wp-json\/wp\/v2\/media?parent=1805"}],"wp:term":[{"taxonomy":"category","embeddable":true,"href":"https:\/\/madre.com.pt\/en\/wp-json\/wp\/v2\/categories?post=1805"},{"taxonomy":"post_tag","embeddable":true,"href":"https:\/\/madre.com.pt\/en\/wp-json\/wp\/v2\/tags?post=1805"}],"curies":[{"name":"wp","href":"https:\/\/api.w.org\/{rel}","templated":true}]}}